{"id":1641,"date":"2024-05-13T19:32:52","date_gmt":"2024-05-13T17:32:52","guid":{"rendered":"https:\/\/campus.groupe-afd.fr\/?p=1641"},"modified":"2024-05-15T11:53:27","modified_gmt":"2024-05-15T09:53:27","slug":"launch-of-campus-groupe-afd-15-05-2024","status":"publish","type":"post","link":"https:\/\/campus.groupe-afd.fr\/en\/2024\/05\/13\/launch-of-campus-groupe-afd-15-05-2024\/","title":{"rendered":"Launch of Campus group AFD &#8211; 15 may, 18:00"},"content":{"rendered":"\n<p>We look forward to seeing you at the official launch of the Campus group AFD!<\/p>\n\n\n\n<p><br>Join us on May 15 at 6pm at Marseille&#8217;s Friche la Belle de Mai to celebrate this wonderful event, in the presence of R\u00e9my Rioux, CEO of the Agence Fran\u00e7aise de D\u00e9veloppement (AFD) Group, Renaud Muselier, President of the SUD Region, and Mich\u00e8le Rubirola, First Deputy Mayor of Marseille.<\/p>\n\n\n\n<p><br>The program? 1h30 of speeches and debates at the Petit Plateau, followed by a cocktail at the Grandes Tables. Two moments of inspiration with Fabienne Brug\u00e8re, philosopher, and Elgas, journalist and writer, followed by a round-table discussion with Axel Mbetcha Tiezan from the Rencontres des Cuisines africaines, Meriem Aouadi, alumni of the Acad\u00e9mie des Talents m\u00e9diterran\u00e9ens, Samir Abdelkrim, founder of Emerging Valley and writer, Kayissan Ekoue and Serigne Thiam, students in the Master MODEV program, and C\u00e9cile Moni\u00e8re, co-founder of the Laboratoire d&#8217;intelligence collective et artificielle (LICA).<\/p>\n\n\n\n<p><br>It&#8217;s an opportunity for you to meet our teams and partners, local and international players who are working together to imagine and invent a more united and vibrant world.<br>Your presence is important to us. We look forward to seeing many of you there!<\/p>\n\n\n\n<p>Details and registration: <a href=\"https:\/\/www.eventbrite.com\/e\/lancement-du-campus-groupe-afd-tickets-885467997617?aff=oddtdtcreator\">Launch of Campus group AFD Tickets, Wed, May 15, 2024 at 6:00 PM | Eventbrite<\/a><\/p>\n","protected":false},"excerpt":{"rendered":"We look forward to seeing you at the official launch of the Campus group AFD! Join us on May 15 at 6pm at Marseille&#8217;s Friche la Belle de Mai to celebrate this wonderful event, in the presence of R\u00e9my Rioux, CEO of the Agence Fran\u00e7aise de D\u00e9veloppement (AFD) Group, Renaud Muselier, President of the SUD&#8230;","protected":false},"author":16,"featured_media":1892,"comment_status":"closed","ping_status":"closed","sticky":false,"template":"","format":"standard","meta":{"_acf_changed":false,"_seopress_robots_primary_cat":"","_seopress_titles_title":"","_seopress_titles_desc":"","_seopress_robots_index":"","_relevanssi_hide_post":"","_relevanssi_hide_content":"","_relevanssi_pin_for_all":"","_relevanssi_pin_keywords":"","_relevanssi_unpin_keywords":"","_relevanssi_related_keywords":"","_relevanssi_related_include_ids":"","_relevanssi_related_exclude_ids":"","_relevanssi_related_no_append":"","_relevanssi_related_not_related":"","_relevanssi_related_posts":"595,1624","_relevanssi_noindex_reason":"","footnotes":""},"categories":[1],"tags":[],"class_list":["post-1641","post","type-post","status-publish","format-standard","has-post-thumbnail","hentry","category-non-classifiee"],"acf":[],"_links":{"self":[{"href":"https:\/\/campus.groupe-afd.fr\/en\/wp-json\/wp\/v2\/posts\/1641","targetHints":{"allow":["GET"]}}],"collection":[{"href":"https:\/\/campus.groupe-afd.fr\/en\/wp-json\/wp\/v2\/posts"}],"about":[{"href":"https:\/\/campus.groupe-afd.fr\/en\/wp-json\/wp\/v2\/types\/post"}],"author":[{"embeddable":true,"href":"https:\/\/campus.groupe-afd.fr\/en\/wp-json\/wp\/v2\/users\/16"}],"replies":[{"embeddable":true,"href":"https:\/\/campus.groupe-afd.fr\/en\/wp-json\/wp\/v2\/comments?post=1641"}],"version-history":[{"count":5,"href":"https:\/\/campus.groupe-afd.fr\/en\/wp-json\/wp\/v2\/posts\/1641\/revisions"}],"predecessor-version":[{"id":1864,"href":"https:\/\/campus.groupe-afd.fr\/en\/wp-json\/wp\/v2\/posts\/1641\/revisions\/1864"}],"wp:featuredmedia":[{"embeddable":true,"href":"https:\/\/campus.groupe-afd.fr\/en\/wp-json\/wp\/v2\/media\/1892"}],"wp:attachment":[{"href":"https:\/\/campus.groupe-afd.fr\/en\/wp-json\/wp\/v2\/media?parent=1641"}],"wp:term":[{"taxonomy":"category","embeddable":true,"href":"https:\/\/campus.groupe-afd.fr\/en\/wp-json\/wp\/v2\/categories?post=1641"},{"taxonomy":"post_tag","embeddable":true,"href":"https:\/\/campus.groupe-afd.fr\/en\/wp-json\/wp\/v2\/tags?post=1641"}],"curies":[{"name":"wp","href":"https:\/\/api.w.org\/{rel}","templated":true}]}}